{"id":10090,"date":"2024-04-11T10:00:00","date_gmt":"2024-04-11T10:00:00","guid":{"rendered":"https:\/\/www.batzendorf.fr\/?p=10090"},"modified":"2025-04-11T10:01:37","modified_gmt":"2025-04-11T10:01:37","slug":"25-fevrier-2025","status":"publish","type":"post","link":"http:\/\/www.batzendorf.fr\/?p=10090","title":{"rendered":"25 f\u00e9vrier 2025"},"content":{"rendered":"\n<ul class=\"wp-block-list\">\n<li>D\u00e9signation du secr\u00e9taire de s\u00e9ance<\/li>\n\n\n\n<li>Adoption du proc\u00e8s-verbal du 10 d\u00e9cembre 2024<\/li>\n\n\n\n<li>Compte administratif de l&rsquo;exercice 2024<\/li>\n\n\n\n<li>Compte de gestion de l&rsquo;exercice 2024<\/li>\n\n\n\n<li>Restructuration de l&rsquo;espace Culturel et Sportif : mise au point de la mission de ma\u00eetrise d&rsquo;oeuvre<\/li>\n\n\n\n<li>Avenant \u00e0 la convention de prestations de services pour la p\u00e9riode 2022-2024 avec la CAH pour l&rsquo;exercice de la comp\u00e9tence balayage<\/li>\n\n\n\n<li>Renouvellement et actualisation de la convention avec la CAH pour l&rsquo;exercice de la comp\u00e9tence balayage pour la p\u00e9riode 2025-2027 <\/li>\n\n\n\n<li>Renouvellement et actualisation de la convention avec la CAH pour la fourniture et la livraison de sel de d\u00e9neigement pour la p\u00e9riode 2025-2027 <\/li>\n\n\n\n<li>Participation \u00e0 un stage tennis des 5 classes de l&rsquo;Ecole des Pr\u00e9s Verts<\/li>\n\n\n\n<li>Motion relative \u00e0 l&rsquo;augmentation de la cotisation retraite du r\u00e9gime sp\u00e9cial de la C.N.R.A.C.L.<\/li>\n\n\n\n<li>Divers<\/li>\n<\/ul>\n\n\n\n<div class=\"wp-block-file aligncenter\"><a id=\"wp-block-file--media-02befed5-b8f7-40bf-a1d7-7664e2d621e5\" href=\"https:\/\/www.batzendorf.fr\/wp-content\/uploads\/2025\/04\/PV.pdf\">P.V.<\/a><a href=\"https:\/\/www.batzendorf.fr\/wp-content\/uploads\/2025\/04\/PV.pdf\" class=\"wp-block-file__button wp-element-button\" download aria-describedby=\"wp-block-file--media-02befed5-b8f7-40bf-a1d7-7664e2d621e5\">T\u00e9l\u00e9charger<\/a><\/div>\n","protected":false},"excerpt":{"rendered":"","protected":false},"author":2,"featured_media":0,"comment_status":"closed","ping_status":"closed","sticky":false,"template":"","format":"standard","meta":{"footnotes":""},"categories":[39],"tags":[],"class_list":["post-10090","post","type-post","status-publish","format-standard","hentry","category-pv-seance-du-conseil-municipal"],"_links":{"self":[{"href":"http:\/\/www.batzendorf.fr\/index.php?rest_route=\/wp\/v2\/posts\/10090","targetHints":{"allow":["GET"]}}],"collection":[{"href":"http:\/\/www.batzendorf.fr\/index.php?rest_route=\/wp\/v2\/posts"}],"about":[{"href":"http:\/\/www.batzendorf.fr\/index.php?rest_route=\/wp\/v2\/types\/post"}],"author":[{"embeddable":true,"href":"http:\/\/www.batzendorf.fr\/index.php?rest_route=\/wp\/v2\/users\/2"}],"replies":[{"embeddable":true,"href":"http:\/\/www.batzendorf.fr\/index.php?rest_route=%2Fwp%2Fv2%2Fcomments&post=10090"}],"version-history":[{"count":2,"href":"http:\/\/www.batzendorf.fr\/index.php?rest_route=\/wp\/v2\/posts\/10090\/revisions"}],"predecessor-version":[{"id":10264,"href":"http:\/\/www.batzendorf.fr\/index.php?rest_route=\/wp\/v2\/posts\/10090\/revisions\/10264"}],"wp:attachment":[{"href":"http:\/\/www.batzendorf.fr\/index.php?rest_route=%2Fwp%2Fv2%2Fmedia&parent=10090"}],"wp:term":[{"taxonomy":"category","embeddable":true,"href":"http:\/\/www.batzendorf.fr\/index.php?rest_route=%2Fwp%2Fv2%2Fcategories&post=10090"},{"taxonomy":"post_tag","embeddable":true,"href":"http:\/\/www.batzendorf.fr\/index.php?rest_route=%2Fwp%2Fv2%2Ftags&post=10090"}],"curies":[{"name":"wp","href":"https:\/\/api.w.org\/{rel}","templated":true}]}}