{"id":1095,"date":"2022-01-10T14:18:00","date_gmt":"2022-01-10T14:18:00","guid":{"rendered":"http:\/\/www.batzendorf.fr\/?p=1095"},"modified":"2022-05-20T09:41:41","modified_gmt":"2022-05-20T09:41:41","slug":"recensement-militaire","status":"publish","type":"post","link":"http:\/\/www.batzendorf.fr\/?p=1095","title":{"rendered":"Recensement citoyen"},"content":{"rendered":"<p style=\"text-align: center;\"><a href=\"http:\/\/www.batzendorf.fr\/wp-content\/uploads\/2009\/07\/recensement-citoyen.jpg\" class=\"thickbox no_icon\"><img loading=\"lazy\" decoding=\"async\" class=\"aligncenter size-medium wp-image-7589\" src=\"http:\/\/www.batzendorf.fr\/wp-content\/uploads\/2009\/07\/recensement-citoyen-300x171.jpg\" alt=\"\" width=\"300\" height=\"171\" srcset=\"http:\/\/www.batzendorf.fr\/wp-content\/uploads\/2009\/07\/recensement-citoyen-300x171.jpg 300w, http:\/\/www.batzendorf.fr\/wp-content\/uploads\/2009\/07\/recensement-citoyen.jpg 590w\" sizes=\"auto, (max-width: 300px) 100vw, 300px\" \/><\/a><\/p>\n<p>Les jeunes hommes et les jeunes filles n\u00e9s entre le 1er avril 2006 et le 30 juin 2006 sont tenus d\u00e8s l&rsquo;\u00e2ge de 16 ans et avant la fin du mois de juin de se pr\u00e9senter en mairie pour remplir leur obligation de recensement au regard du service national.<\/p>\n","protected":false},"excerpt":{"rendered":"<p>Les jeunes hommes et les jeunes filles n\u00e9s entre le 1er avril 2006 et le 30 juin 2006 sont tenus d\u00e8s l&rsquo;\u00e2ge de 16 ans et avant la fin du mois de juin de se pr\u00e9senter en mairie pour remplir leur obligation de recensement au regard du service national.<\/p>\n","protected":false},"author":1,"featured_media":0,"comment_status":"closed","ping_status":"open","sticky":false,"template":"","format":"standard","meta":{"footnotes":""},"categories":[9],"tags":[],"class_list":["post-1095","post","type-post","status-publish","format-standard","hentry","category-actualites"],"_links":{"self":[{"href":"http:\/\/www.batzendorf.fr\/index.php?rest_route=\/wp\/v2\/posts\/1095","targetHints":{"allow":["GET"]}}],"collection":[{"href":"http:\/\/www.batzendorf.fr\/index.php?rest_route=\/wp\/v2\/posts"}],"about":[{"href":"http:\/\/www.batzendorf.fr\/index.php?rest_route=\/wp\/v2\/types\/post"}],"author":[{"embeddable":true,"href":"http:\/\/www.batzendorf.fr\/index.php?rest_route=\/wp\/v2\/users\/1"}],"replies":[{"embeddable":true,"href":"http:\/\/www.batzendorf.fr\/index.php?rest_route=%2Fwp%2Fv2%2Fcomments&post=1095"}],"version-history":[{"count":12,"href":"http:\/\/www.batzendorf.fr\/index.php?rest_route=\/wp\/v2\/posts\/1095\/revisions"}],"predecessor-version":[{"id":8587,"href":"http:\/\/www.batzendorf.fr\/index.php?rest_route=\/wp\/v2\/posts\/1095\/revisions\/8587"}],"wp:attachment":[{"href":"http:\/\/www.batzendorf.fr\/index.php?rest_route=%2Fwp%2Fv2%2Fmedia&parent=1095"}],"wp:term":[{"taxonomy":"category","embeddable":true,"href":"http:\/\/www.batzendorf.fr\/index.php?rest_route=%2Fwp%2Fv2%2Fcategories&post=1095"},{"taxonomy":"post_tag","embeddable":true,"href":"http:\/\/www.batzendorf.fr\/index.php?rest_route=%2Fwp%2Fv2%2Ftags&post=1095"}],"curies":[{"name":"wp","href":"https:\/\/api.w.org\/{rel}","templated":true}]}}