{"id":143,"date":"2022-04-14T11:45:00","date_gmt":"2022-04-14T11:45:00","guid":{"rendered":"http:\/\/www.batzendorf.fr\/?p=143"},"modified":"2023-04-13T14:23:00","modified_gmt":"2023-04-13T14:23:00","slug":"chasse-et-animaux-nuisibles","status":"publish","type":"post","link":"http:\/\/www.batzendorf.fr\/?p=143","title":{"rendered":"Chasse et animaux nuisibles"},"content":{"rendered":"<p>Arr\u00eat\u00e9s pr\u00e9fectoraux\u00a0 :<\/p>\n<ul>\n<li>fixant les p\u00e9riodes de chasse du gibier s\u00e9dentaire pour la campagne cyn\u00e9g\u00e9tique 2023\/2024 dans le d\u00e9partement du Bas-Rhin,<\/li>\n<\/ul>\n<p style=\"text-align: center;\"><a href=\"http:\/\/www.batzendorf.fr\/wp-content\/uploads\/2009\/07\/AP_OuvertureChasse_2023_2024.pdf\">AP_Ouverture Chasse_2023_2024<\/a><\/p>\n<ul>\n<li>fixant le sanglier (Sus-scrofa) comme esp\u00e8ce susceptible d\u2019occasionner des d\u00e9g\u00e2ts (ESOD) ainsi que les modalit\u00e9s de destruction \u00e0 tir de cette esp\u00e8ce sur l\u2019ensemble du d\u00e9partement du Bas-Rhin pour la campagne allant du 1er juillet 2023 au 30 juin 2024,<\/li>\n<\/ul>\n<p style=\"text-align: center;\"><a href=\"http:\/\/www.batzendorf.fr\/wp-content\/uploads\/2009\/07\/AP_SanglierESOD_2023_2024.pdf\">AP_Sanglier ESOD_2023_2024<\/a><\/p>\n<ul>\n<li>autorisant le tir de nuit de l\u2019esp\u00e8ce sanglier durant sa p\u00e9riode de chasse (15\u00a0avril\u00a02023\/1er\u00a0f\u00e9vrier\u00a02024) et la destruction par des tirs de nuit de cette esp\u00e8ce en tant que de besoin dans le cadre de la pr\u00e9vention des d\u00e9g\u00e2ts (15 avril 2023\/14 avril 2024).<\/li>\n<\/ul>\n<p style=\"text-align: center;\"><a href=\"http:\/\/www.batzendorf.fr\/wp-content\/uploads\/2009\/07\/AP_TirDeNuit_2023_2024.pdf\">AP_Tir De Nuit_2023_2024<\/a><\/p>\n","protected":false},"excerpt":{"rendered":"<p>Arr\u00eat\u00e9s pr\u00e9fectoraux\u00a0 : fixant les p\u00e9riodes de chasse du gibier s\u00e9dentaire pour la campagne cyn\u00e9g\u00e9tique 2023\/2024 dans le d\u00e9partement du Bas-Rhin, AP_Ouverture Chasse_2023_2024 fixant le sanglier (Sus-scrofa) comme esp\u00e8ce susceptible d\u2019occasionner des d\u00e9g\u00e2ts (ESOD) ainsi que les modalit\u00e9s de destruction \u00e0 tir de cette esp\u00e8ce sur l\u2019ensemble du d\u00e9partement du Bas-Rhin pour la campagne allant [&hellip;]<\/p>\n","protected":false},"author":2,"featured_media":0,"comment_status":"closed","ping_status":"open","sticky":false,"template":"","format":"standard","meta":{"footnotes":""},"categories":[20],"tags":[],"class_list":["post-143","post","type-post","status-publish","format-standard","hentry","category-reglementation-prefectorale"],"_links":{"self":[{"href":"http:\/\/www.batzendorf.fr\/index.php?rest_route=\/wp\/v2\/posts\/143","targetHints":{"allow":["GET"]}}],"collection":[{"href":"http:\/\/www.batzendorf.fr\/index.php?rest_route=\/wp\/v2\/posts"}],"about":[{"href":"http:\/\/www.batzendorf.fr\/index.php?rest_route=\/wp\/v2\/types\/post"}],"author":[{"embeddable":true,"href":"http:\/\/www.batzendorf.fr\/index.php?rest_route=\/wp\/v2\/users\/2"}],"replies":[{"embeddable":true,"href":"http:\/\/www.batzendorf.fr\/index.php?rest_route=%2Fwp%2Fv2%2Fcomments&post=143"}],"version-history":[{"count":36,"href":"http:\/\/www.batzendorf.fr\/index.php?rest_route=\/wp\/v2\/posts\/143\/revisions"}],"predecessor-version":[{"id":9018,"href":"http:\/\/www.batzendorf.fr\/index.php?rest_route=\/wp\/v2\/posts\/143\/revisions\/9018"}],"wp:attachment":[{"href":"http:\/\/www.batzendorf.fr\/index.php?rest_route=%2Fwp%2Fv2%2Fmedia&parent=143"}],"wp:term":[{"taxonomy":"category","embeddable":true,"href":"http:\/\/www.batzendorf.fr\/index.php?rest_route=%2Fwp%2Fv2%2Fcategories&post=143"},{"taxonomy":"post_tag","embeddable":true,"href":"http:\/\/www.batzendorf.fr\/index.php?rest_route=%2Fwp%2Fv2%2Ftags&post=143"}],"curies":[{"name":"wp","href":"https:\/\/api.w.org\/{rel}","templated":true}]}}