{"id":8166,"date":"2021-06-15T12:26:00","date_gmt":"2021-06-15T12:26:00","guid":{"rendered":"http:\/\/www.batzendorf.fr\/?p=8166"},"modified":"2021-07-05T14:02:34","modified_gmt":"2021-07-05T14:02:34","slug":"renovation-de-votre-habitat","status":"publish","type":"post","link":"http:\/\/www.batzendorf.fr\/?p=8166","title":{"rendered":"R\u00e9novation de votre habitat"},"content":{"rendered":"\n<div class=\"wp-block-image\"><figure class=\"aligncenter size-large is-resized\"><img loading=\"lazy\" decoding=\"async\" src=\"https:\/\/www.batzendorf.fr\/wp-content\/uploads\/2021\/03\/logos_FAIRE_PETR_Plan_Climat.jpg\" alt=\"\" class=\"wp-image-8169\" width=\"207\" height=\"64\" srcset=\"http:\/\/www.batzendorf.fr\/wp-content\/uploads\/2021\/03\/logos_FAIRE_PETR_Plan_Climat.jpg 968w, http:\/\/www.batzendorf.fr\/wp-content\/uploads\/2021\/03\/logos_FAIRE_PETR_Plan_Climat-300x94.jpg 300w, http:\/\/www.batzendorf.fr\/wp-content\/uploads\/2021\/03\/logos_FAIRE_PETR_Plan_Climat-768x240.jpg 768w\" sizes=\"auto, (max-width: 207px) 100vw, 207px\" \/><\/figure><\/div>\n\n\n\n<p>Prenant la suite des espaces info-\u00e9nergie, le service d\u2019accompagnement \u00e0 la r\u00e9novation \u00e9nerg\u00e9tique a \u00e9t\u00e9 renforc\u00e9 et mutualis\u00e9 \u00e0 l\u2019\u00e9chelle de l\u2019Alsace du Nord depuis le 1<sup>er<\/sup> janvier 2021.<\/p>\n\n\n\n<p>Port\u00e9s par le PETR de l\u2019Alsace du Nord, les conseillers FAIRE sont en place et poursuivent leur mission d\u2019accompagnement des particuliers.<\/p>\n\n\n\n<div class=\"wp-block-file aligncenter\"><a href=\"https:\/\/www.batzendorf.fr\/wp-content\/uploads\/2021\/03\/R\u00e9nov-1.pdf\">En savoir +<\/a><a href=\"https:\/\/www.batzendorf.fr\/wp-content\/uploads\/2021\/03\/R\u00e9nov-1.pdf\" class=\"wp-block-file__button\" download>T\u00e9l\u00e9charger<\/a><\/div>\n\n\n\n<p>Le service de permanences d\u00e9localis\u00e9es <strong>sur rendez-vous<\/strong> dans les communaut\u00e9s de communes est \u00e9galement poursuivi, selon le planning ci-dessous&nbsp;:<\/p>\n\n\n\n<ul class=\"wp-block-list\"><li>1er mercredi du mois : Val de Moder de 14h \u00e0 17h Mairie 9 place du March\u00e9<\/li><li>3\u00e8me jeudi du mois : Bischwiller 9h \u00e0 12h Maison des services  48rue Cl\u00e9menceau<\/li><li>4\u00e8me mercredi du mois : Brumath de 14h \u00e0 17h Mairie 4 rue Jacques Kabl\u00e9<\/li><\/ul>\n\n\n\n<p><\/p>\n","protected":false},"excerpt":{"rendered":"<p>Prenant la suite des espaces info-\u00e9nergie, le service d\u2019accompagnement \u00e0 la r\u00e9novation \u00e9nerg\u00e9tique a \u00e9t\u00e9 renforc\u00e9 et mutualis\u00e9 \u00e0 l\u2019\u00e9chelle de l\u2019Alsace du Nord depuis le 1er janvier 2021. Port\u00e9s par le PETR de l\u2019Alsace du Nord, les conseillers FAIRE sont en place et poursuivent leur mission d\u2019accompagnement des particuliers. Le service de permanences d\u00e9localis\u00e9es [&hellip;]<\/p>\n","protected":false},"author":2,"featured_media":0,"comment_status":"closed","ping_status":"closed","sticky":false,"template":"","format":"standard","meta":{"footnotes":""},"categories":[9],"tags":[],"class_list":["post-8166","post","type-post","status-publish","format-standard","hentry","category-actualites"],"_links":{"self":[{"href":"http:\/\/www.batzendorf.fr\/index.php?rest_route=\/wp\/v2\/posts\/8166","targetHints":{"allow":["GET"]}}],"collection":[{"href":"http:\/\/www.batzendorf.fr\/index.php?rest_route=\/wp\/v2\/posts"}],"about":[{"href":"http:\/\/www.batzendorf.fr\/index.php?rest_route=\/wp\/v2\/types\/post"}],"author":[{"embeddable":true,"href":"http:\/\/www.batzendorf.fr\/index.php?rest_route=\/wp\/v2\/users\/2"}],"replies":[{"embeddable":true,"href":"http:\/\/www.batzendorf.fr\/index.php?rest_route=%2Fwp%2Fv2%2Fcomments&post=8166"}],"version-history":[{"count":2,"href":"http:\/\/www.batzendorf.fr\/index.php?rest_route=\/wp\/v2\/posts\/8166\/revisions"}],"predecessor-version":[{"id":8171,"href":"http:\/\/www.batzendorf.fr\/index.php?rest_route=\/wp\/v2\/posts\/8166\/revisions\/8171"}],"wp:attachment":[{"href":"http:\/\/www.batzendorf.fr\/index.php?rest_route=%2Fwp%2Fv2%2Fmedia&parent=8166"}],"wp:term":[{"taxonomy":"category","embeddable":true,"href":"http:\/\/www.batzendorf.fr\/index.php?rest_route=%2Fwp%2Fv2%2Fcategories&post=8166"},{"taxonomy":"post_tag","embeddable":true,"href":"http:\/\/www.batzendorf.fr\/index.php?rest_route=%2Fwp%2Fv2%2Ftags&post=8166"}],"curies":[{"name":"wp","href":"https:\/\/api.w.org\/{rel}","templated":true}]}}