{"id":8627,"date":"2022-07-04T09:36:00","date_gmt":"2022-07-04T09:36:00","guid":{"rendered":"http:\/\/www.batzendorf.fr\/?p=8627"},"modified":"2022-09-27T13:25:53","modified_gmt":"2022-09-27T13:25:53","slug":"nouveaux-moyens-de-communication","status":"publish","type":"post","link":"http:\/\/www.batzendorf.fr\/?p=8627","title":{"rendered":"Nouveaux moyens de communication"},"content":{"rendered":"\n<p><strong>La commune de Batzendorf lance son application mobile <u><a href=\"https:\/\/www.smartphone.lumiplan.com\/solutions\/cityall-application\/\">CityAll<\/a><\/u><\/strong><strong> pour informer les habitants en temps r\u00e9el sur leur smartphone.<\/strong><\/p>\n\n\n\n<p>Cette nouvelle application smartphone permet de communiquer en direct avec les habitants.<\/p>\n\n\n\n<p>\u25baVous serez inform\u00e9s de l\u2019actualit\u00e9 locale.<\/p>\n\n\n\n<p>\u25baVous recevrez des alertes et des notifications en temps r\u00e9el sur votre smartphone (alertes sanitaires, intemp\u00e9ries, route barr\u00e9e, \u00e9v\u00e9nements\u2026).<\/p>\n\n\n\n<p>\u25baL\u2019application permet aussi de consulter la liste des commerces et des associations du village.<\/p>\n\n\n\n<div class=\"wp-block-image\"><figure class=\"aligncenter size-large is-resized\"><img loading=\"lazy\" decoding=\"async\" src=\"https:\/\/www.batzendorf.fr\/wp-content\/uploads\/2022\/07\/appli-718x1024.jpg\" alt=\"\" class=\"wp-image-8628\" width=\"407\" height=\"581\" srcset=\"http:\/\/www.batzendorf.fr\/wp-content\/uploads\/2022\/07\/appli-718x1024.jpg 718w, http:\/\/www.batzendorf.fr\/wp-content\/uploads\/2022\/07\/appli-210x300.jpg 210w, http:\/\/www.batzendorf.fr\/wp-content\/uploads\/2022\/07\/appli-768x1095.jpg 768w, http:\/\/www.batzendorf.fr\/wp-content\/uploads\/2022\/07\/appli-300x428.jpg 300w, http:\/\/www.batzendorf.fr\/wp-content\/uploads\/2022\/07\/appli.jpg 940w\" sizes=\"auto, (max-width: 407px) 100vw, 407px\" \/><\/figure><\/div>\n\n\n\n<p><span class=\"has-inline-color has-vivid-purple-color\">Comme vous l&rsquo;avez sans doute constat\u00e9, la commune s&rsquo;est \u00e9galement \u00e9quip\u00e9e d&rsquo;un panneau d&rsquo;affichage lumineux. Il est install\u00e9 rue Principale \u00e0 l&rsquo;angle avec la rue des Aulnes. Vous pourrez ainsi vous tenir inform\u00e9s des derni\u00e8res nouvelles de Batzendorf et<\/span> <span class=\"has-inline-color has-vivid-purple-color\">ses alentours.<\/span><\/p>\n","protected":false},"excerpt":{"rendered":"<p>La commune de Batzendorf lance son application mobile CityAll pour informer les habitants en temps r\u00e9el sur leur smartphone. Cette nouvelle application smartphone permet de communiquer en direct avec les habitants. \u25baVous serez inform\u00e9s de l\u2019actualit\u00e9 locale. \u25baVous recevrez des alertes et des notifications en temps r\u00e9el sur votre smartphone (alertes sanitaires, intemp\u00e9ries, route barr\u00e9e, [&hellip;]<\/p>\n","protected":false},"author":2,"featured_media":0,"comment_status":"closed","ping_status":"closed","sticky":false,"template":"","format":"standard","meta":{"footnotes":""},"categories":[9],"tags":[],"class_list":["post-8627","post","type-post","status-publish","format-standard","hentry","category-actualites"],"_links":{"self":[{"href":"http:\/\/www.batzendorf.fr\/index.php?rest_route=\/wp\/v2\/posts\/8627","targetHints":{"allow":["GET"]}}],"collection":[{"href":"http:\/\/www.batzendorf.fr\/index.php?rest_route=\/wp\/v2\/posts"}],"about":[{"href":"http:\/\/www.batzendorf.fr\/index.php?rest_route=\/wp\/v2\/types\/post"}],"author":[{"embeddable":true,"href":"http:\/\/www.batzendorf.fr\/index.php?rest_route=\/wp\/v2\/users\/2"}],"replies":[{"embeddable":true,"href":"http:\/\/www.batzendorf.fr\/index.php?rest_route=%2Fwp%2Fv2%2Fcomments&post=8627"}],"version-history":[{"count":1,"href":"http:\/\/www.batzendorf.fr\/index.php?rest_route=\/wp\/v2\/posts\/8627\/revisions"}],"predecessor-version":[{"id":8629,"href":"http:\/\/www.batzendorf.fr\/index.php?rest_route=\/wp\/v2\/posts\/8627\/revisions\/8629"}],"wp:attachment":[{"href":"http:\/\/www.batzendorf.fr\/index.php?rest_route=%2Fwp%2Fv2%2Fmedia&parent=8627"}],"wp:term":[{"taxonomy":"category","embeddable":true,"href":"http:\/\/www.batzendorf.fr\/index.php?rest_route=%2Fwp%2Fv2%2Fcategories&post=8627"},{"taxonomy":"post_tag","embeddable":true,"href":"http:\/\/www.batzendorf.fr\/index.php?rest_route=%2Fwp%2Fv2%2Ftags&post=8627"}],"curies":[{"name":"wp","href":"https:\/\/api.w.org\/{rel}","templated":true}]}}