{"id":1083,"date":"2012-10-20T13:37:18","date_gmt":"2012-10-20T13:37:18","guid":{"rendered":"http:\/\/www.batzendorf.fr\/?p=1083"},"modified":"2014-10-27T10:29:38","modified_gmt":"2014-10-27T10:29:38","slug":"depistage-du-cancer-colorectal","status":"publish","type":"post","link":"https:\/\/www.batzendorf.fr\/?p=1083","title":{"rendered":"D\u00e9pistage du cancer colorectal"},"content":{"rendered":"<p><a href=\"http:\/\/www.batzendorf.fr\/wp-content\/uploads\/2010\/01\/Depistage.jpg\" class=\"thickbox no_icon\"><img loading=\"lazy\" decoding=\"async\" class=\"aligncenter size-full wp-image-1086\" title=\"Depistage\" src=\"http:\/\/www.batzendorf.fr\/wp-content\/uploads\/2010\/01\/Depistage.jpg\" alt=\"\" width=\"110\" height=\"80\" \/><\/a><br \/>\nLa campagne de d\u00e9pistage du cancer colorectal \u00e0 commenc\u00e9 dans le Bas-Rhin en 2007. Elle concerne toutes les femmes et tous les hommes de 50 \u00e0 74 ans et repose sur la r\u00e9alisation d&rsquo;un test de recherche de sang occulte dans les selles. Le test doit \u00eatre r\u00e9p\u00e9t\u00e9 tous les 2 ans.<\/p>\n<p>Pour toute information compl\u00e9mentaire, vous pouvez consulter le site <a href=\"http:\/\/www.adeca-alsace.fr\">www.adeca-alsace.fr<\/a><\/p>\n","protected":false},"excerpt":{"rendered":"<p>La campagne de d\u00e9pistage du cancer colorectal \u00e0 commenc\u00e9 dans le Bas-Rhin en 2007. Elle concerne toutes les femmes et tous les hommes de 50 \u00e0 74 ans et repose sur la r\u00e9alisation d&rsquo;un test de recherche de sang occulte dans les selles. Le test doit \u00eatre r\u00e9p\u00e9t\u00e9 tous les 2 ans. Pour toute information [&hellip;]<\/p>\n","protected":false},"author":1,"featured_media":0,"comment_status":"closed","ping_status":"open","sticky":false,"template":"","format":"standard","meta":{"footnotes":""},"categories":[23],"tags":[],"class_list":["post-1083","post","type-post","status-publish","format-standard","hentry","category-sante"],"_links":{"self":[{"href":"https:\/\/www.batzendorf.fr\/index.php?rest_route=\/wp\/v2\/posts\/1083","targetHints":{"allow":["GET"]}}],"collection":[{"href":"https:\/\/www.batzendorf.fr\/index.php?rest_route=\/wp\/v2\/posts"}],"about":[{"href":"https:\/\/www.batzendorf.fr\/index.php?rest_route=\/wp\/v2\/types\/post"}],"author":[{"embeddable":true,"href":"https:\/\/www.batzendorf.fr\/index.php?rest_route=\/wp\/v2\/users\/1"}],"replies":[{"embeddable":true,"href":"https:\/\/www.batzendorf.fr\/index.php?rest_route=%2Fwp%2Fv2%2Fcomments&post=1083"}],"version-history":[{"count":5,"href":"https:\/\/www.batzendorf.fr\/index.php?rest_route=\/wp\/v2\/posts\/1083\/revisions"}],"predecessor-version":[{"id":5450,"href":"https:\/\/www.batzendorf.fr\/index.php?rest_route=\/wp\/v2\/posts\/1083\/revisions\/5450"}],"wp:attachment":[{"href":"https:\/\/www.batzendorf.fr\/index.php?rest_route=%2Fwp%2Fv2%2Fmedia&parent=1083"}],"wp:term":[{"taxonomy":"category","embeddable":true,"href":"https:\/\/www.batzendorf.fr\/index.php?rest_route=%2Fwp%2Fv2%2Fcategories&post=1083"},{"taxonomy":"post_tag","embeddable":true,"href":"https:\/\/www.batzendorf.fr\/index.php?rest_route=%2Fwp%2Fv2%2Ftags&post=1083"}],"curies":[{"name":"wp","href":"https:\/\/api.w.org\/{rel}","templated":true}]}}